{"id":27694,"date":"2024-07-26T12:45:28","date_gmt":"2024-07-26T10:45:28","guid":{"rendered":"https:\/\/shop.rkgracanica.ba\/?p=27694"},"modified":"2024-07-26T12:45:31","modified_gmt":"2024-07-26T10:45:31","slug":"u-gracanici-nema-predaha-predstavili-jos-jednog-novajliju","status":"publish","type":"post","link":"https:\/\/shop.rkgracanica.ba\/index.php\/2024\/07\/26\/u-gracanici-nema-predaha-predstavili-jos-jednog-novajliju\/","title":{"rendered":"U Gra\u010danici nema predaha, predstavili jo\u0161 jednog novajliju"},"content":{"rendered":"\n<p><strong>U RK Gra\u010danica predstavljen je jo\u0161 jedan novi igra\u010d nakon \u0161to je klub ove sedmice poja\u010dao bh. reprezentaticac Vladan Lon\u010dar, a zatim i Emrah Alispahi\u0107.<\/strong><\/p>\n\n\n\n<p>Dres kluba iz Gra\u010danice u novoj sezoni nosit \u0107e Adnan Jamakovi\u0107.<\/p>\n\n\n\n<p>Rije\u010d je o 21-godi\u0161njem rukometa\u0161u koji je dijete RK Bosna Visokom, a u karijeri je nosio dres MRK Sloga Gornji Vaku-Uskoplje i RK Grada\u010dac.<\/p>\n\n\n\n<p>U Gra\u010danici nisu krili zadovoljstvo anga\u017eovanjem ovog rukometa\u0161a i vjeruju da mo\u017ee biti do velike pomo\u0107i ekipi.<\/p>\n\n\n\n<p>Ranije smo naveli da \u0107e RK Gra\u010danica u novu sezonu Prmeijer lige Bosne i Hercegovine u\u0107i sa dosta igra\u010dkih promjena, ali i sa novim trenerom, rije\u010d je o mladom Amaru \u010cavli\u0107u.<\/p>\n\n\n\n<p>&#8220;Novi \u010dlan na\u0161eg kluba je Adnan Jamakovi\u0107. Ro\u0111en je 04.08.2002. godine u Sarajevu, a igra na poziciji lijevog krila.<\/p>\n\n\n\n<p>Jamakovi\u0107 je dijete viso\u010dke Bosne koji je jo\u0161 u ranim igra\u010dkim godinama pokazivao veliki talenat. Gra\u010danlije ga pamte po utakmici odigranoj u na\u0161em gradu, januara 2016. godine, izme\u0111u kantonalnih reprezentacija kada je kao kapiten Zeni\u010dko-dobojskog kantona progla\u0161en za najboljeg igra\u010da me\u010da igranog protiv reprezentacije Tuzlanskog kantona. Tada je Jamakovi\u0107 igrao srednjeg beka i zaista je u svom uzrastu bio dominantan.<\/p>\n\n\n\n<p>Prelaskom u seniorsku ekipu, mjesto organizatora igre bilo je rezervisano sa legendarnog Adnana Harmandi\u0107a, a tu su bili i drugi stariji i iskusniji igra\u010di Mahir Buri\u0107, Adnan Balta, Kerim \u010cabaravdi\u0107, Sead Sir\u010do, pa je mla\u0111ahni Jamakovi\u0107 prekomandovan na krilo kao konkurencija Emiru Omanovi\u0107u.<\/p>\n\n\n\n<p>Izuzetna motorika, spremnost, spretnost, brzina i tehnika, vrlo brzo su do\u0161le do izra\u017eaja. Jamakovi\u0107 je dakle ponovo skrenuo pa\u017enju rukometne javnosti na sebe, te je kao takav postao i juniorski reprezentativac Bosne i Hercegovine. Bio je odli\u010dan na pripremnom turniru odigranom u Makedoniji, te na okupljanju u Grada\u010dcu, ali nije bio \u010dlan reprezentacije na Evropskom prvenstvu B-divizije igranom u glavnom gradu Sjeverne Makedonije, avgusta 2021. godine.<\/p>\n\n\n\n<p>U sezoni 2021\/22 Jamakovi\u0107 \u017eeljan igre i ve\u0107e minuta\u017ee iz Bosne prelazi u Slogu iz Gornjeg Vakufa\/Uskoplja, a godinu dana kasnije dolazi u Grada\u010dac gdje se zbog finansijskih problema u kojem se na\u0161ao njegov novi klub zadr\u017eao samo jednu polusezonu.<\/p>\n\n\n\n<p>Posljednje tri polusezone Jamakovi\u0107 je proveo u mati\u010dnoj Bosni iz Visokog. Sticajem okolnosti ovaj sjajni igra\u010d, imao je peh da igra za klubove koji su se tih sezona neuspje\u0161no borile za ostanak i sigurno da i on sam \u017eeli da promjeni tu praksu.<\/p>\n\n\n\n<p>U proteklom prvenstvu u 21 utakmici Jamakovi\u0107 je postigao 186 golova (8,857\/utakmici), \u010dime je obilje\u017eio pro\u0161lu sezonu u Prvoj federalnoj ligi grupa-jug.<\/p>\n","protected":false},"excerpt":{"rendered":"<p>U RK Gra\u010danica predstavljen je jo\u0161 jedan novi igra\u010d nakon \u0161to je klub ove sedmice poja\u010dao bh. reprezentaticac Vladan Lon\u010dar,<\/p>\n","protected":false},"author":1,"featured_media":27695,"comment_status":"open","ping_status":"open","sticky":false,"template":"","format":"standard","meta":{"footnotes":""},"categories":[1],"tags":[],"class_list":["post-27694","post","type-post","status-publish","format-standard","has-post-thumbnail","hentry","category-aktuelnosti"],"_links":{"self":[{"href":"https:\/\/shop.rkgracanica.ba\/index.php\/wp-json\/wp\/v2\/posts\/27694","targetHints":{"allow":["GET"]}}],"collection":[{"href":"https:\/\/shop.rkgracanica.ba\/index.php\/wp-json\/wp\/v2\/posts"}],"about":[{"href":"https:\/\/shop.rkgracanica.ba\/index.php\/wp-json\/wp\/v2\/types\/post"}],"author":[{"embeddable":true,"href":"https:\/\/shop.rkgracanica.ba\/index.php\/wp-json\/wp\/v2\/users\/1"}],"replies":[{"embeddable":true,"href":"https:\/\/shop.rkgracanica.ba\/index.php\/wp-json\/wp\/v2\/comments?post=27694"}],"version-history":[{"count":1,"href":"https:\/\/shop.rkgracanica.ba\/index.php\/wp-json\/wp\/v2\/posts\/27694\/revisions"}],"predecessor-version":[{"id":27696,"href":"https:\/\/shop.rkgracanica.ba\/index.php\/wp-json\/wp\/v2\/posts\/27694\/revisions\/27696"}],"wp:featuredmedia":[{"embeddable":true,"href":"https:\/\/shop.rkgracanica.ba\/index.php\/wp-json\/wp\/v2\/media\/27695"}],"wp:attachment":[{"href":"https:\/\/shop.rkgracanica.ba\/index.php\/wp-json\/wp\/v2\/media?parent=27694"}],"wp:term":[{"taxonomy":"category","embeddable":true,"href":"https:\/\/shop.rkgracanica.ba\/index.php\/wp-json\/wp\/v2\/categories?post=27694"},{"taxonomy":"post_tag","embeddable":true,"href":"https:\/\/shop.rkgracanica.ba\/index.php\/wp-json\/wp\/v2\/tags?post=27694"}],"curies":[{"name":"wp","href":"https:\/\/api.w.org\/{rel}","templated":true}]}}