{"id":27697,"date":"2024-07-26T12:48:43","date_gmt":"2024-07-26T10:48:43","guid":{"rendered":"https:\/\/shop.rkgracanica.ba\/?p=27697"},"modified":"2024-07-26T12:48:46","modified_gmt":"2024-07-26T10:48:46","slug":"mikic-i-cavcic-se-nadaju-pozitivnim-rezutlatima-protiv-kastriorija-i-celja-u-leotaru-ponosni","status":"publish","type":"post","link":"https:\/\/shop.rkgracanica.ba\/index.php\/2024\/07\/26\/mikic-i-cavcic-se-nadaju-pozitivnim-rezutlatima-protiv-kastriorija-i-celja-u-leotaru-ponosni\/","title":{"rendered":"Miki\u0107 i \u010cav\u010di\u0107 se nadaju pozitivnim rezutlatima protiv Kastriorija i Celja, u Leotaru ponosni"},"content":{"rendered":"\n<p><strong>Klubovi iz na\u0161e zemlje su prije nekoliko dana saznali svoje protivnike u evropskim takmi\u010denjima.<\/strong><\/p>\n\n\n\n<p>Miki\u0107 i \u010cav\u010di\u0107 se nadaju pozitivnim rezutlatima protiv Kastriorija i Celja, U Leotaru ponosni na ura\u0111enoJasno je da je pred njima jako te\u017eak posao, a ubjedljivo najte\u017ei \u017erijeb imala je Gra\u010danica koja \u0107e morati igrati protiv ekipe Celja iz Slovenije.<\/p>\n\n\n\n<p>Osim Gra\u010danlija Bosnu i Hercegovinu u prvom kolu EHF Evropskog kupa predstavlja i ekipa Slobode iz Tuzle koja \u0107e za protivnika imati ekipu Kastriotija sa Kosova.<\/p>\n\n\n\n<p>U istom takmi\u010denju, naravno u prvom kolu, igrat \u0107e i Leotar, a protivnik ove ekipe biti \u0107e Kojd\u017eiza iz Turske.<\/p>\n\n\n\n<p>Trener Slobode Miki\u0107 se nada da \u0107e njegova ekipa uspjeti ponoviti dobar rezultat iz pro\u0161le sezone kada je rije\u010d o evropskim takmi\u010denjima.<\/p>\n\n\n\n<p>&#8220;Mislim da smo mogli pro\u0107i sigurno i gore, kad sam vidio mogu\u0107e protivnike u prvom kolu. Za sada poku\u0161avam skupiti \u0161to vi\u0161e materijala, \u0161to vi\u0161e se informisati kako bismo se adekvatno pripremili za protivnika, budu\u0107i da o njima nema mnogo informacija. \u010cinjeni\u010dno smo pro\u0161le sezone imali lo\u0161iji rezultat u doma\u0107em prvenstvu, dok smo u Evropi odigrali solidno, nadam se da \u0107emo ove godine ponoviti taj \u201eevropski\u201c uspjeh.<\/p>\n\n\n\n<p>Trenutno je prioritet da na pripreme do\u0111emo kompletni, zdravi, da se spremimo \u0161to je bolje mogu\u0107e, fokusiramo na nas, odigramo kontrolne utakmice na dobar na\u010din. Klju\u010dno je i da vidimo gdje smo jaki, a gdje nam manjka ne\u0161to i da poku\u0161amo onda ispraviti te stvari koje eventualno budu lo\u0161e i da \u0161to spremniji do\u010dekamo tu prvu utakmicu, ne samo u okviru evropskog takmi\u010denja, nego i u Premijer ligi BiH&#8221;, rekao je trener Slobode Miki\u0107.<\/p>\n\n\n\n<p>U Leotaru su ponosni \u0161to su ponovo bili dio \u017erijeba u Be\u010du, te se nadaju da mogu ostvariti pozitivan rezultat.<\/p>\n\n\n\n<p>&#8220;Nakon \u017erijeba mo\u017eemo re\u0107i da smo mogli pro\u0107i i bolje i lo\u0161ije, ali ono \u0161to je najva\u017enije da smo drugu godinu zaredom bili dio \u017erijeba u Be\u010du. To je velika stvar za na\u0161 klub, Trebinje i Hercegovinu i sigurno je da moramo svi biti ponosni na tu \u010dinjenicu.<\/p>\n\n\n\n<p>\u0160to se ti\u010de na\u0161ih protivnika sigurno je da smo dobili jednu ekipu koja je spoj mladosti i iskustva. Predvo\u0111eni su iskusnim bekovima \u010can \u010celebri, koji je igrao u dva navrata u Nekseu, \u0160artu i \u0160tutgartu, kao i Mikail Jildirimom i oni su ti koji diktiraju tempo igre.<\/p>\n\n\n\n<p>Imaju odli\u010dna krila koja dobro tr\u010de kontru i imaju visoke procente realizacije, kao i iskusnog golmana Jildiza. Za nas je najva\u017enije da odradimo dobro pripremni period, uigramo ekipu i spremno do\u010dekamo dvome\u010d u Evropi, jer \u0107e nam to biti prve zvani\u010dne utakmice u novom sezoni&#8221;, rekao je Dragi\u0161a Kora\u0107evi\u0107 trener Leotara.<\/p>\n","protected":false},"excerpt":{"rendered":"<p>Klubovi iz na\u0161e zemlje su prije nekoliko dana saznali svoje protivnike u evropskim takmi\u010denjima. Miki\u0107 i \u010cav\u010di\u0107 se nadaju pozitivnim<\/p>\n","protected":false},"author":1,"featured_media":27698,"comment_status":"open","ping_status":"open","sticky":false,"template":"","format":"standard","meta":{"footnotes":""},"categories":[1],"tags":[],"class_list":["post-27697","post","type-post","status-publish","format-standard","has-post-thumbnail","hentry","category-aktuelnosti"],"_links":{"self":[{"href":"https:\/\/shop.rkgracanica.ba\/index.php\/wp-json\/wp\/v2\/posts\/27697","targetHints":{"allow":["GET"]}}],"collection":[{"href":"https:\/\/shop.rkgracanica.ba\/index.php\/wp-json\/wp\/v2\/posts"}],"about":[{"href":"https:\/\/shop.rkgracanica.ba\/index.php\/wp-json\/wp\/v2\/types\/post"}],"author":[{"embeddable":true,"href":"https:\/\/shop.rkgracanica.ba\/index.php\/wp-json\/wp\/v2\/users\/1"}],"replies":[{"embeddable":true,"href":"https:\/\/shop.rkgracanica.ba\/index.php\/wp-json\/wp\/v2\/comments?post=27697"}],"version-history":[{"count":1,"href":"https:\/\/shop.rkgracanica.ba\/index.php\/wp-json\/wp\/v2\/posts\/27697\/revisions"}],"predecessor-version":[{"id":27699,"href":"https:\/\/shop.rkgracanica.ba\/index.php\/wp-json\/wp\/v2\/posts\/27697\/revisions\/27699"}],"wp:featuredmedia":[{"embeddable":true,"href":"https:\/\/shop.rkgracanica.ba\/index.php\/wp-json\/wp\/v2\/media\/27698"}],"wp:attachment":[{"href":"https:\/\/shop.rkgracanica.ba\/index.php\/wp-json\/wp\/v2\/media?parent=27697"}],"wp:term":[{"taxonomy":"category","embeddable":true,"href":"https:\/\/shop.rkgracanica.ba\/index.php\/wp-json\/wp\/v2\/categories?post=27697"},{"taxonomy":"post_tag","embeddable":true,"href":"https:\/\/shop.rkgracanica.ba\/index.php\/wp-json\/wp\/v2\/tags?post=27697"}],"curies":[{"name":"wp","href":"https:\/\/api.w.org\/{rel}","templated":true}]}}